{"id":5031,"date":"2021-07-27T16:32:22","date_gmt":"2021-07-27T14:32:22","guid":{"rendered":"https:\/\/www.vanderplasgroup.com\/?p=5031"},"modified":"2023-07-18T11:46:13","modified_gmt":"2023-07-18T09:46:13","slug":"eine-grosse-familie","status":"publish","type":"post","link":"https:\/\/www.vanderplasgroup.com\/de\/eine-grosse-familie\/","title":{"rendered":"Eine gro\u00dfe Familie"},"content":{"rendered":"<p><div class=\"fusion-fullwidth fullwidth-box fusion-builder-row-1 fusion-flex-container nonhundred-percent-fullwidth non-hundred-percent-height-scrolling\" style=\"--awb-border-radius-top-left:0px;--awb-border-radius-top-right:0px;--awb-border-radius-bottom-right:0px;--awb-border-radius-bottom-left:0px;--awb-flex-wrap:wrap;\" ><div class=\"fusion-builder-row fusion-row fusion-flex-align-items-center fusion-flex-content-wrap\" style=\"max-width:1248px;margin-left: calc(-4% \/ 2 );margin-right: calc(-4% \/ 2 );\"><div class=\"fusion-layout-column fusion_builder_column fusion-builder-column-0 fusion_builder_column_1_2 1_2 fusion-flex-column\" style=\"--awb-bg-size:cover;--awb-width-large:50%;--awb-margin-top-large:0px;--awb-spacing-right-large:3.84%;--awb-margin-bottom-large:0px;--awb-spacing-left-large:3.84%;--awb-width-medium:50%;--awb-order-medium:0;--awb-spacing-right-medium:3.84%;--awb-spacing-left-medium:3.84%;--awb-width-small:100%;--awb-order-small:0;--awb-spacing-right-small:1.92%;--awb-spacing-left-small:1.92%;\"><div class=\"fusion-column-wrapper fusion-column-has-shadow fusion-flex-justify-content-flex-start fusion-content-layout-column\"><div class=\"fusion-text fusion-text-1\"><h2>Engagement<\/h2>\n<\/div><div class=\"fusion-text fusion-text-2\"><h3><span class=\"TextRun SCXW126032066 BCX4\" lang=\"DE-DE\" xml:lang=\"DE-DE\" data-contrast=\"auto\"><span class=\"NormalTextRun SCXW126032066 BCX4\">&#8220;Ich bin <\/span><span class=\"NormalTextRun SCXW126032066 BCX4\">davon <\/span><span class=\"NormalTextRun SCXW126032066 BCX4\">\u00fcberzeugt, dass ein Unternehmen mit engagierten Mitarbeitern erfolgreicher ist&#8221;<\/span><\/span><\/h3>\n<\/div><\/div><\/div><div class=\"fusion-layout-column fusion_builder_column fusion-builder-column-1 fusion_builder_column_1_2 1_2 fusion-flex-column\" style=\"--awb-bg-size:cover;--awb-width-large:50%;--awb-margin-top-large:0px;--awb-spacing-right-large:3.84%;--awb-margin-bottom-large:0px;--awb-spacing-left-large:3.84%;--awb-width-medium:50%;--awb-order-medium:0;--awb-spacing-right-medium:3.84%;--awb-spacing-left-medium:3.84%;--awb-width-small:100%;--awb-order-small:0;--awb-spacing-right-small:1.92%;--awb-spacing-left-small:1.92%;\"><div class=\"fusion-column-wrapper fusion-column-has-shadow fusion-flex-justify-content-flex-start fusion-content-layout-column\"><div class=\"fusion-image-element \" style=\"--awb-caption-title-font-family:var(--h2_typography-font-family);--awb-caption-title-font-weight:var(--h2_typography-font-weight);--awb-caption-title-font-style:var(--h2_typography-font-style);--awb-caption-title-size:var(--h2_typography-font-size);--awb-caption-title-transform:var(--h2_typography-text-transform);--awb-caption-title-line-height:var(--h2_typography-line-height);--awb-caption-title-letter-spacing:var(--h2_typography-letter-spacing);\"><span class=\" fusion-imageframe imageframe-none imageframe-1 hover-type-none\"><img decoding=\"async\" width=\"200\" height=\"172\" src=\"https:\/\/www.vanderplasgroup.com\/wp-content\/uploads\/betrokken-DEF-200x172.jpg\" alt class=\"img-responsive wp-image-9341\" srcset=\"https:\/\/www.vanderplasgroup.com\/wp-content\/uploads\/\/betrokken-DEF-200x172.jpg 200w, https:\/\/www.vanderplasgroup.com\/wp-content\/uploads\/\/betrokken-DEF-400x344.jpg 400w, https:\/\/www.vanderplasgroup.com\/wp-content\/uploads\/\/betrokken-DEF-600x516.jpg 600w, https:\/\/www.vanderplasgroup.com\/wp-content\/uploads\/betrokken-DEF.jpg 756w\" sizes=\"(max-width: 640px) 100vw, 600px\" \/><\/span><\/div><\/div><\/div><\/div><\/div><div class=\"fusion-fullwidth fullwidth-box fusion-builder-row-2 fusion-flex-container nonhundred-percent-fullwidth non-hundred-percent-height-scrolling\" style=\"--awb-border-radius-top-left:0px;--awb-border-radius-top-right:0px;--awb-border-radius-bottom-right:0px;--awb-border-radius-bottom-left:0px;--awb-flex-wrap:wrap;\" ><div class=\"fusion-builder-row fusion-row fusion-flex-align-items-flex-start fusion-flex-content-wrap\" style=\"max-width:1248px;margin-left: calc(-4% \/ 2 );margin-right: calc(-4% \/ 2 );\"><div class=\"fusion-layout-column fusion_builder_column fusion-builder-column-2 fusion_builder_column_1_3 1_3 fusion-flex-column\" style=\"--awb-bg-size:cover;--awb-width-large:33.333333333333%;--awb-margin-top-large:0px;--awb-spacing-right-large:5.76%;--awb-margin-bottom-large:0px;--awb-spacing-left-large:5.76%;--awb-width-medium:33.333333333333%;--awb-order-medium:0;--awb-spacing-right-medium:5.76%;--awb-spacing-left-medium:5.76%;--awb-width-small:100%;--awb-order-small:0;--awb-spacing-right-small:1.92%;--awb-spacing-left-small:1.92%;\"><div class=\"fusion-column-wrapper fusion-column-has-shadow fusion-flex-justify-content-flex-start fusion-content-layout-column\"><div class=\"fusion-image-element \" style=\"--awb-caption-title-font-family:var(--h2_typography-font-family);--awb-caption-title-font-weight:var(--h2_typography-font-weight);--awb-caption-title-font-style:var(--h2_typography-font-style);--awb-caption-title-size:var(--h2_typography-font-size);--awb-caption-title-transform:var(--h2_typography-text-transform);--awb-caption-title-line-height:var(--h2_typography-line-height);--awb-caption-title-letter-spacing:var(--h2_typography-letter-spacing);\"><span class=\" fusion-imageframe imageframe-none imageframe-2 hover-type-none\"><img decoding=\"async\" width=\"640\" height=\"480\" title=\"Dirk Varkevisser\" src=\"https:\/\/www.vanderplasgroup.com\/wp-content\/uploads\/Dirk-Varkevisser-e1627392102372.jpg\" alt class=\"img-responsive wp-image-5000\"\/><\/span><\/div><\/div><\/div><div class=\"fusion-layout-column fusion_builder_column fusion-builder-column-3 fusion_builder_column_2_3 2_3 fusion-flex-column\" style=\"--awb-bg-size:cover;--awb-width-large:66.666666666667%;--awb-margin-top-large:0px;--awb-spacing-right-large:2.88%;--awb-margin-bottom-large:0px;--awb-spacing-left-large:2.88%;--awb-width-medium:66.666666666667%;--awb-order-medium:0;--awb-spacing-right-medium:2.88%;--awb-spacing-left-medium:2.88%;--awb-width-small:100%;--awb-order-small:0;--awb-spacing-right-small:1.92%;--awb-spacing-left-small:1.92%;\"><div class=\"fusion-column-wrapper fusion-column-has-shadow fusion-flex-justify-content-flex-start fusion-content-layout-column\"><div class=\"fusion-text fusion-text-3\"><p><span class=\"TextRun SCXW239968821 BCX4\" lang=\"DE-DE\" xml:lang=\"DE-DE\" data-contrast=\"auto\"><strong><span class=\"FindHit SCXW239968821 BCX4\">Dirk <\/span><span class=\"SpellingError FindHit SCXW239968821 BCX4\">Varke<\/span><span class=\"SpellingError SCXW239968821 BCX4\">visser<\/span><span class=\"NormalTextRun SCXW239968821 BCX4\"> arbeitet seit 14 Jahren f\u00fcr Van der <\/span><span class=\"SpellingError SCXW239968821 BCX4\">Plas:<\/span><\/strong><span class=\"NormalTextRun SCXW239968821 BCX4\">\u00a0&#8220;<\/span><span class=\"NormalTextRun SCXW239968821 BCX4\">Engagiert<\/span><span class=\"NormalTextRun SCXW239968821 BCX4\"> zu sein bedeutet neben der Verbundenheit mit dem Unternehmen auch die Bereitschaft zu helfen,<\/span><span class=\"NormalTextRun SCXW239968821 BCX4\"> zu beraten und zu unterst\u00fctzen, wenn das notwendig ist. Das kann auf allerlei Arten passieren<\/span><span class=\"NormalTextRun SCXW239968821 BCX4\">. Zum Beispiel durch das Teilen von Wissen, das Ermutigen von Kollegen oder das \u00dcbernehmen von Aufgaben von anderen, die aufgrund <\/span><span class=\"NormalTextRun SCXW239968821 BCX4\">von<\/span><span class=\"NormalTextRun SCXW239968821 BCX4\"> Umst\u00e4nde<\/span><span class=\"NormalTextRun SCXW239968821 BCX4\">n<\/span> <span class=\"NormalTextRun SCXW239968821 BCX4\">liegen geblieben <\/span><span class=\"NormalTextRun SCXW239968821 BCX4\">sind. Ein gutes Beispiel daf\u00fcr haben wir bei der ersten Corona-Welle im Fr\u00fchjahr 2020 <\/span><span class=\"NormalTextRun SCXW239968821 BCX4\">erlebt<\/span><span class=\"NormalTextRun SCXW239968821 BCX4\">. Viele Mitarbeiter wurden ohne Murren an Stellen innerhalb der VDP Group eingesetzt, wo sie damals am dringendsten gebraucht wurden. Ich bin<\/span><span class=\"NormalTextRun SCXW239968821 BCX4\"> davon<\/span><span class=\"NormalTextRun SCXW239968821 BCX4\"> \u00fcberzeugt, dass ein Unternehmen mit engagierten Mitarbeitern erfolgreicher ist. Dieses Engagement sehe ich <\/span><span class=\"NormalTextRun SCXW239968821 BCX4\">sicherlich <\/span><span class=\"NormalTextRun SCXW239968821 BCX4\">in unseren Unternehmen. Es gibt ein motiviertes Team von Mitarbeitern,<\/span> <span class=\"NormalTextRun SCXW239968821 BCX4\">die alles in ihrer Macht Stehende tun wird, um die gesetzten Ziele zu erreichen. Ein Team, das bereit ist, bei Bedarf die Extrameile zu gehen.&#8221;<\/span><\/span><\/p>\n<\/div><\/div><\/div><\/div><\/div><div class=\"fusion-fullwidth fullwidth-box fusion-builder-row-3 fusion-flex-container nonhundred-percent-fullwidth non-hundred-percent-height-scrolling\" style=\"--awb-border-radius-top-left:0px;--awb-border-radius-top-right:0px;--awb-border-radius-bottom-right:0px;--awb-border-radius-bottom-left:0px;--awb-flex-wrap:wrap;\" ><div class=\"fusion-builder-row fusion-row fusion-flex-align-items-center fusion-flex-content-wrap\" style=\"max-width:1248px;margin-left: calc(-4% \/ 2 );margin-right: calc(-4% \/ 2 );\"><div class=\"fusion-layout-column fusion_builder_column fusion-builder-column-4 fusion_builder_column_1_2 1_2 fusion-flex-column\" style=\"--awb-bg-size:cover;--awb-width-large:50%;--awb-margin-top-large:0px;--awb-spacing-right-large:3.84%;--awb-margin-bottom-large:0px;--awb-spacing-left-large:3.84%;--awb-width-medium:50%;--awb-order-medium:0;--awb-spacing-right-medium:3.84%;--awb-spacing-left-medium:3.84%;--awb-width-small:100%;--awb-order-small:0;--awb-spacing-right-small:1.92%;--awb-spacing-left-small:1.92%;\"><div class=\"fusion-column-wrapper fusion-column-has-shadow fusion-flex-justify-content-flex-start fusion-content-layout-column\"><div class=\"fusion-text fusion-text-4\"><h2><span class=\"TextRun SCXW90858723 BCX4\" lang=\"DE-DE\" xml:lang=\"DE-DE\" data-contrast=\"auto\"><span class=\"NormalTextRun SCXW90858723 BCX4\">Verbundenheit<\/span><\/span><span class=\"EOP SCXW90858723 BCX4\" data-ccp-props=\"\">\u00a0<\/span><\/h2>\n<\/div><div class=\"fusion-text fusion-text-5\"><h3><span class=\"TextRun SCXW192523465 BCX4\" lang=\"DE-DE\" xml:lang=\"DE-DE\" data-contrast=\"auto\"><span class=\"NormalTextRun SCXW192523465 BCX4\">\"Verbundenheit<\/span><span class=\"NormalTextRun SCXW192523465 BCX4\"> gew\u00e4hrleistet eine gute Atmosph\u00e4r<\/span><span class=\"NormalTextRun SCXW192523465 BCX4\">e\"<\/span><\/span><span class=\"EOP SCXW192523465 BCX4\" data-ccp-props=\"\">\u00a0<\/span><\/h3>\n<\/div><\/div><\/div><div class=\"fusion-layout-column fusion_builder_column fusion-builder-column-5 fusion_builder_column_1_2 1_2 fusion-flex-column\" style=\"--awb-bg-size:cover;--awb-width-large:50%;--awb-margin-top-large:0px;--awb-spacing-right-large:3.84%;--awb-margin-bottom-large:0px;--awb-spacing-left-large:3.84%;--awb-width-medium:50%;--awb-order-medium:0;--awb-spacing-right-medium:3.84%;--awb-spacing-left-medium:3.84%;--awb-width-small:100%;--awb-order-small:0;--awb-spacing-right-small:1.92%;--awb-spacing-left-small:1.92%;\"><div class=\"fusion-column-wrapper fusion-column-has-shadow fusion-flex-justify-content-flex-start fusion-content-layout-column\"><div class=\"fusion-image-element \" style=\"--awb-caption-title-font-family:var(--h2_typography-font-family);--awb-caption-title-font-weight:var(--h2_typography-font-weight);--awb-caption-title-font-style:var(--h2_typography-font-style);--awb-caption-title-size:var(--h2_typography-font-size);--awb-caption-title-transform:var(--h2_typography-text-transform);--awb-caption-title-line-height:var(--h2_typography-line-height);--awb-caption-title-letter-spacing:var(--h2_typography-letter-spacing);\"><span class=\" fusion-imageframe imageframe-none imageframe-3 hover-type-none\"><img decoding=\"async\" width=\"200\" height=\"169\" src=\"https:\/\/www.vanderplasgroup.com\/wp-content\/uploads\/verbindend-DEF-200x169.jpg\" alt class=\"img-responsive wp-image-9349\" srcset=\"https:\/\/www.vanderplasgroup.com\/wp-content\/uploads\/\/verbindend-DEF-200x169.jpg 200w, https:\/\/www.vanderplasgroup.com\/wp-content\/uploads\/\/verbindend-DEF-400x339.jpg 400w, https:\/\/www.vanderplasgroup.com\/wp-content\/uploads\/\/verbindend-DEF-600x508.jpg 600w, https:\/\/www.vanderplasgroup.com\/wp-content\/uploads\/verbindend-DEF.jpg 768w\" sizes=\"(max-width: 640px) 100vw, 600px\" \/><\/span><\/div><\/div><\/div><\/div><\/div><div class=\"fusion-fullwidth fullwidth-box fusion-builder-row-4 fusion-flex-container nonhundred-percent-fullwidth non-hundred-percent-height-scrolling\" style=\"--awb-border-radius-top-left:0px;--awb-border-radius-top-right:0px;--awb-border-radius-bottom-right:0px;--awb-border-radius-bottom-left:0px;--awb-flex-wrap:wrap;\" ><div class=\"fusion-builder-row fusion-row fusion-flex-align-items-flex-start fusion-flex-content-wrap\" style=\"max-width:1248px;margin-left: calc(-4% \/ 2 );margin-right: calc(-4% \/ 2 );\"><div class=\"fusion-layout-column fusion_builder_column fusion-builder-column-6 fusion_builder_column_1_3 1_3 fusion-flex-column\" style=\"--awb-bg-size:cover;--awb-width-large:33.333333333333%;--awb-margin-top-large:0px;--awb-spacing-right-large:5.76%;--awb-margin-bottom-large:0px;--awb-spacing-left-large:5.76%;--awb-width-medium:33.333333333333%;--awb-order-medium:0;--awb-spacing-right-medium:5.76%;--awb-spacing-left-medium:5.76%;--awb-width-small:100%;--awb-order-small:0;--awb-spacing-right-small:1.92%;--awb-spacing-left-small:1.92%;\"><div class=\"fusion-column-wrapper fusion-column-has-shadow fusion-flex-justify-content-flex-start fusion-content-layout-column\"><div class=\"fusion-image-element \" style=\"--awb-caption-title-font-family:var(--h2_typography-font-family);--awb-caption-title-font-weight:var(--h2_typography-font-weight);--awb-caption-title-font-style:var(--h2_typography-font-style);--awb-caption-title-size:var(--h2_typography-font-size);--awb-caption-title-transform:var(--h2_typography-text-transform);--awb-caption-title-line-height:var(--h2_typography-line-height);--awb-caption-title-letter-spacing:var(--h2_typography-letter-spacing);\"><span class=\" fusion-imageframe imageframe-none imageframe-4 hover-type-none\"><img decoding=\"async\" width=\"2560\" height=\"1707\" title=\"Erik\" src=\"https:\/\/www.vanderplasgroup.com\/wp-content\/uploads\/Erik-scaled-e1627394302410.jpg\" alt class=\"img-responsive wp-image-5011\"\/><\/span><\/div><\/div><\/div><div class=\"fusion-layout-column fusion_builder_column fusion-builder-column-7 fusion_builder_column_2_3 2_3 fusion-flex-column\" style=\"--awb-bg-size:cover;--awb-width-large:66.666666666667%;--awb-margin-top-large:0px;--awb-spacing-right-large:2.88%;--awb-margin-bottom-large:0px;--awb-spacing-left-large:2.88%;--awb-width-medium:66.666666666667%;--awb-order-medium:0;--awb-spacing-right-medium:2.88%;--awb-spacing-left-medium:2.88%;--awb-width-small:100%;--awb-order-small:0;--awb-spacing-right-small:1.92%;--awb-spacing-left-small:1.92%;\"><div class=\"fusion-column-wrapper fusion-column-has-shadow fusion-flex-justify-content-flex-start fusion-content-layout-column\"><div class=\"fusion-text fusion-text-6\"><p><span data-contrast=\"auto\"><strong>Erik van der Plas ist Assistent-Accountmanager bei Zyon:<\/strong>\u00a0\"Eigentlich arbeite ich schon seit Jahren bei VDP Group und in Form von Nebenjobs verschiedene Aufgaben \u00fcbernommen. Vom Boxmitarbeiter bei Van der Plas bis zum Rosenverk\u00e4ufer bei New Ecuador.<\/span><span data-ccp-props=\"\">\u00a0<\/span><span data-contrast=\"auto\">Dadurch erkenne ich die Qualit\u00e4ten der verschiedenen Unternehmen und Menschen. Ich arbeite gerne mit Kollegen zusammen, die den gleichen Drive haben wie ich. In unserem Familienunternehmen arbeiten viele Kollegen, die auch ein \u201eHerz f\u00fcr das Unternehmen\" haben. Durch meinen verbindenden Grundwert versuche ich, Menschen und Unternehmen miteinander zusammen arbeiten zu lassen, um gemeinsam das Ziel zu erreichen. Ein gutes Beispiel daf\u00fcr ist, dass wir bei Zyon in engem Kontakt mit den Z\u00fcchtern f\u00fcr den Einzelhandel stehen. Als einer unserer Z\u00fcchter eine Stornierung von einem K\u00e4ufer erhielt, rief er Zyon an mit der Frage, ob wir ihm nicht aus der Patsche helfen k\u00f6nnten. Ich rief die Pflanzenk\u00e4ufer von Van der Plas an und voil\u00e0: wir hatte zum Muttertag ein wunderbares Sortiment vorzuweisen. Eine Win-Win-Situation!\"<\/span><\/p>\n<\/div><\/div><\/div><\/div><\/div><div class=\"fusion-fullwidth fullwidth-box fusion-builder-row-5 fusion-flex-container nonhundred-percent-fullwidth non-hundred-percent-height-scrolling\" style=\"--awb-border-radius-top-left:0px;--awb-border-radius-top-right:0px;--awb-border-radius-bottom-right:0px;--awb-border-radius-bottom-left:0px;--awb-flex-wrap:wrap;\" ><div class=\"fusion-builder-row fusion-row fusion-flex-align-items-center fusion-flex-content-wrap\" style=\"max-width:1248px;margin-left: calc(-4% \/ 2 );margin-right: calc(-4% \/ 2 );\"><div class=\"fusion-layout-column fusion_builder_column fusion-builder-column-8 fusion_builder_column_1_2 1_2 fusion-flex-column\" style=\"--awb-bg-size:cover;--awb-width-large:50%;--awb-margin-top-large:0px;--awb-spacing-right-large:3.84%;--awb-margin-bottom-large:0px;--awb-spacing-left-large:3.84%;--awb-width-medium:50%;--awb-order-medium:0;--awb-spacing-right-medium:3.84%;--awb-spacing-left-medium:3.84%;--awb-width-small:100%;--awb-order-small:0;--awb-spacing-right-small:1.92%;--awb-spacing-left-small:1.92%;\"><div class=\"fusion-column-wrapper fusion-column-has-shadow fusion-flex-justify-content-flex-start fusion-content-layout-column\"><div class=\"fusion-text fusion-text-7\"><h2><span class=\"TextRun SCXW135100624 BCX4\" lang=\"DE-DE\" xml:lang=\"DE-DE\" data-contrast=\"auto\"><span class=\"NormalTextRun SCXW135100624 BCX4\">Unternehmerisch<\/span><\/span><\/h2>\n<\/div><div class=\"fusion-text fusion-text-8\"><h3><span class=\"TextRun SCXW114150666 BCX4\" lang=\"DE-DE\" xml:lang=\"DE-DE\" data-contrast=\"auto\"><span class=\"NormalTextRun SCXW114150666 BCX4\">&#8220;<\/span><span class=\"NormalTextRun SCXW114150666 BCX4\">Die Leute bei <\/span><span class=\"SpellingError SCXW114150666 BCX4\">Greenflor<\/span><span class=\"NormalTextRun SCXW114150666 BCX4\"> sind<\/span> <span class=\"NormalTextRun SCXW114150666 BCX4\">wahre Pioniere!&#8221;<\/span><\/span><\/h3>\n<\/div><\/div><\/div><div class=\"fusion-layout-column fusion_builder_column fusion-builder-column-9 fusion_builder_column_1_2 1_2 fusion-flex-column\" style=\"--awb-bg-size:cover;--awb-width-large:50%;--awb-margin-top-large:0px;--awb-spacing-right-large:3.84%;--awb-margin-bottom-large:0px;--awb-spacing-left-large:3.84%;--awb-width-medium:50%;--awb-order-medium:0;--awb-spacing-right-medium:3.84%;--awb-spacing-left-medium:3.84%;--awb-width-small:100%;--awb-order-small:0;--awb-spacing-right-small:1.92%;--awb-spacing-left-small:1.92%;\"><div class=\"fusion-column-wrapper fusion-column-has-shadow fusion-flex-justify-content-flex-start fusion-content-layout-column\"><div class=\"fusion-image-element \" style=\"--awb-caption-title-font-family:var(--h2_typography-font-family);--awb-caption-title-font-weight:var(--h2_typography-font-weight);--awb-caption-title-font-style:var(--h2_typography-font-style);--awb-caption-title-size:var(--h2_typography-font-size);--awb-caption-title-transform:var(--h2_typography-text-transform);--awb-caption-title-line-height:var(--h2_typography-line-height);--awb-caption-title-letter-spacing:var(--h2_typography-letter-spacing);\"><span class=\" fusion-imageframe imageframe-none imageframe-5 hover-type-none\"><img decoding=\"async\" width=\"200\" height=\"176\" src=\"https:\/\/www.vanderplasgroup.com\/wp-content\/uploads\/ondernemend-DEF-200x176.jpg\" alt class=\"img-responsive wp-image-9345\" srcset=\"https:\/\/www.vanderplasgroup.com\/wp-content\/uploads\/\/ondernemend-DEF-200x176.jpg 200w, https:\/\/www.vanderplasgroup.com\/wp-content\/uploads\/\/ondernemend-DEF-400x352.jpg 400w, https:\/\/www.vanderplasgroup.com\/wp-content\/uploads\/\/ondernemend-DEF-600x528.jpg 600w, https:\/\/www.vanderplasgroup.com\/wp-content\/uploads\/ondernemend-DEF.jpg 739w\" sizes=\"(max-width: 640px) 100vw, 600px\" \/><\/span><\/div><\/div><\/div><\/div><\/div><div class=\"fusion-fullwidth fullwidth-box fusion-builder-row-6 fusion-flex-container nonhundred-percent-fullwidth non-hundred-percent-height-scrolling\" style=\"--awb-border-radius-top-left:0px;--awb-border-radius-top-right:0px;--awb-border-radius-bottom-right:0px;--awb-border-radius-bottom-left:0px;--awb-flex-wrap:wrap;\" ><div class=\"fusion-builder-row fusion-row fusion-flex-align-items-flex-start fusion-flex-content-wrap\" style=\"max-width:1248px;margin-left: calc(-4% \/ 2 );margin-right: calc(-4% \/ 2 );\"><div class=\"fusion-layout-column fusion_builder_column fusion-builder-column-10 fusion_builder_column_1_3 1_3 fusion-flex-column\" style=\"--awb-bg-size:cover;--awb-width-large:33.333333333333%;--awb-margin-top-large:0px;--awb-spacing-right-large:5.76%;--awb-margin-bottom-large:0px;--awb-spacing-left-large:5.76%;--awb-width-medium:33.333333333333%;--awb-order-medium:0;--awb-spacing-right-medium:5.76%;--awb-spacing-left-medium:5.76%;--awb-width-small:100%;--awb-order-small:0;--awb-spacing-right-small:1.92%;--awb-spacing-left-small:1.92%;\"><div class=\"fusion-column-wrapper fusion-column-has-shadow fusion-flex-justify-content-flex-start fusion-content-layout-column\"><div class=\"fusion-image-element \" style=\"--awb-caption-title-font-family:var(--h2_typography-font-family);--awb-caption-title-font-weight:var(--h2_typography-font-weight);--awb-caption-title-font-style:var(--h2_typography-font-style);--awb-caption-title-size:var(--h2_typography-font-size);--awb-caption-title-transform:var(--h2_typography-text-transform);--awb-caption-title-line-height:var(--h2_typography-line-height);--awb-caption-title-letter-spacing:var(--h2_typography-letter-spacing);\"><span class=\" fusion-imageframe imageframe-none imageframe-6 hover-type-none\"><img decoding=\"async\" width=\"2560\" height=\"2560\" title=\"Cor Greenflor\" src=\"https:\/\/www.vanderplasgroup.com\/wp-content\/uploads\/Cor-Greenflor.png\" alt class=\"img-responsive wp-image-5028\" srcset=\"https:\/\/www.vanderplasgroup.com\/wp-content\/uploads\/\/Cor-Greenflor-200x200.png 200w, https:\/\/www.vanderplasgroup.com\/wp-content\/uploads\/\/Cor-Greenflor-400x400.png 400w, https:\/\/www.vanderplasgroup.com\/wp-content\/uploads\/\/Cor-Greenflor-600x600.png 600w, https:\/\/www.vanderplasgroup.com\/wp-content\/uploads\/\/Cor-Greenflor-800x800.png 800w, https:\/\/www.vanderplasgroup.com\/wp-content\/uploads\/\/Cor-Greenflor-1200x1200.png 1200w, https:\/\/www.vanderplasgroup.com\/wp-content\/uploads\/Cor-Greenflor.png 2560w\" sizes=\"(max-width: 640px) 100vw, 400px\" \/><\/span><\/div><\/div><\/div><div class=\"fusion-layout-column fusion_builder_column fusion-builder-column-11 fusion_builder_column_2_3 2_3 fusion-flex-column\" style=\"--awb-bg-size:cover;--awb-width-large:66.666666666667%;--awb-margin-top-large:0px;--awb-spacing-right-large:2.88%;--awb-margin-bottom-large:0px;--awb-spacing-left-large:2.88%;--awb-width-medium:66.666666666667%;--awb-order-medium:0;--awb-spacing-right-medium:2.88%;--awb-spacing-left-medium:2.88%;--awb-width-small:100%;--awb-order-small:0;--awb-spacing-right-small:1.92%;--awb-spacing-left-small:1.92%;\"><div class=\"fusion-column-wrapper fusion-column-has-shadow fusion-flex-justify-content-flex-start fusion-content-layout-column\"><div class=\"fusion-text fusion-text-9\"><p><span data-contrast=\"auto\"><strong>Cor van der Gugten arbeitet bei Greenflor:<\/strong> &#8220;<\/span><span data-contrast=\"auto\">Dank einer unternehmerischen Einstellung hat sich Greenflor zu einem Unternehmen mit flexibler Anpassungsf\u00e4higkeit entwickelt. Diese ist im sich schnell wandelenden Blumen- und Dekorationsgesch\u00e4ft ein Muss. Wir beziehen unsere Produkte aus vielen verschiedenen L\u00e4ndern. Letztes Quartal haben wir 6620 verschiedene Artikel aus 58 verschiedenen L\u00e4ndern eingekauft. Dank unserer unternehmerischen und motivierten Ein- und Verk\u00e4ufer haben wir uns einen voranstrebenden Namen in der Blumenwelt erarbeitet. Im Bereich Einkauf und Produktentwicklung arbeiten wir eng mit HBX natural living zusammen. Dadurch haben wir mehr Einblick in die Trends und erleben dadurch beide Einkaufsvorteile. Zum Beispiel im Bereich Trockenblumen: Wir handeln mit allen Unternehmen innerhalb der VDP Group und realisieren dadurch einen Umsatz von 4,5 Millionen Euro. Ein Ergebnis, auf das man stolz sein kann!&#8221;<\/span><\/p>\n<\/div><\/div><\/div><\/div><\/div><\/p>\n","protected":false},"excerpt":{"rendered":"","protected":false},"author":10,"featured_media":4194,"comment_status":"closed","ping_status":"closed","sticky":false,"template":"","format":"standard","meta":{"_acf_changed":false,"inline_featured_image":false,"footnotes":""},"categories":[9],"tags":[],"class_list":["post-5031","post","type-post","status-publish","format-standard","has-post-thumbnail","hentry","category-unkategorisiert"],"acf":{"titel":"Wachsen und gedeihen tut man nicht alleine","intro":"Die Van der Plas Group bildet seit f\u00fcnfzig Jahren eine tolle Unternehmensfamilie. Jedes Unternehmen hat seine eigene Identit\u00e4t, aber gemeinsam setzen wir mit unserem breiten Sortiment an Blumen, Pflanzen und Dekorationsmaterialien auf nachhaltiges Wachstum. Die folgenden drei Familienwerte sind dabei wesentlich: Engagement, Verbundenheit und Unternehmerisch. Drei Kollegen erz\u00e4hlen uns mehr dar\u00fcber.","_thumbnail_id":"https:\/\/www.vanderplasgroup.com\/wp-content\/uploads\/DSC_3523.jpg","text":"<p>Hier komt text te staan<\/p>\n"},"yoast_head":"<!-- This site is optimized with the Yoast SEO plugin v27.5 - https:\/\/yoast.com\/product\/yoast-seo-wordpress\/ -->\n<title>Eine gro\u00dfe Familie - Van der Plas Group<\/title>\n<meta name=\"description\" content=\"Floral Trade Group vormt al vijftig jaar een mooie familie van bedrijven. Daarbij staan drie familiewaarden centraal: Betrokken, Verbindend en Ondernemend. Drie collega&#039;s lichten ze toe.\" \/>\n<meta name=\"robots\" content=\"index, follow, max-snippet:-1, max-image-preview:large, max-video-preview:-1\" \/>\n<link rel=\"canonical\" href=\"https:\/\/www.vanderplasgroup.com\/de\/eine-grosse-familie\/\" \/>\n<meta property=\"og:locale\" content=\"de_DE\" \/>\n<meta property=\"og:type\" content=\"article\" \/>\n<meta property=\"og:title\" content=\"Eine gro\u00dfe Familie - Van der Plas Group\" \/>\n<meta property=\"og:description\" content=\"Floral Trade Group vormt al vijftig jaar een mooie familie van bedrijven. Daarbij staan drie familiewaarden centraal: Betrokken, Verbindend en Ondernemend. Drie collega&#039;s lichten ze toe.\" \/>\n<meta property=\"og:url\" content=\"https:\/\/www.vanderplasgroup.com\/de\/eine-grosse-familie\/\" \/>\n<meta property=\"og:site_name\" content=\"Van der Plas Group\" \/>\n<meta property=\"article:published_time\" content=\"2021-07-27T14:32:22+00:00\" \/>\n<meta property=\"article:modified_time\" content=\"2023-07-18T09:46:13+00:00\" \/>\n<meta property=\"og:image\" content=\"https:\/\/www.vanderplasgroup.com\/wp-content\/uploads\/DSC_3523-scaled-e1650955585876-1024x813.jpg\" \/>\n\t<meta property=\"og:image:width\" content=\"1024\" \/>\n\t<meta property=\"og:image:height\" content=\"813\" \/>\n\t<meta property=\"og:image:type\" content=\"image\/jpeg\" \/>\n<meta name=\"author\" content=\"beheerftg\" \/>\n<meta name=\"twitter:card\" content=\"summary_large_image\" \/>\n<meta name=\"twitter:label1\" content=\"Written by\" \/>\n\t<meta name=\"twitter:data1\" content=\"beheerftg\" \/>\n\t<meta name=\"twitter:label2\" content=\"Est. reading time\" \/>\n\t<meta name=\"twitter:data2\" content=\"14 minutes\" \/>\n<script type=\"application\/ld+json\" class=\"yoast-schema-graph\">{\"@context\":\"https:\\\/\\\/schema.org\",\"@graph\":[{\"@type\":\"Article\",\"@id\":\"https:\\\/\\\/www.vanderplasgroup.com\\\/de\\\/eine-grosse-familie\\\/#article\",\"isPartOf\":{\"@id\":\"https:\\\/\\\/www.vanderplasgroup.com\\\/de\\\/eine-grosse-familie\\\/\"},\"author\":{\"name\":\"beheerftg\",\"@id\":\"https:\\\/\\\/www.vanderplasgroup.com\\\/de\\\/#\\\/schema\\\/person\\\/9de6e104abd0f19d053d088367ef2fd7\"},\"headline\":\"Eine gro\u00dfe Familie\",\"datePublished\":\"2021-07-27T14:32:22+00:00\",\"dateModified\":\"2023-07-18T09:46:13+00:00\",\"mainEntityOfPage\":{\"@id\":\"https:\\\/\\\/www.vanderplasgroup.com\\\/de\\\/eine-grosse-familie\\\/\"},\"wordCount\":6806,\"image\":{\"@id\":\"https:\\\/\\\/www.vanderplasgroup.com\\\/de\\\/eine-grosse-familie\\\/#primaryimage\"},\"thumbnailUrl\":\"https:\\\/\\\/www.vanderplasgroup.com\\\/wp-content\\\/uploads\\\/DSC_3523.jpg\",\"articleSection\":[\"Unkategorisiert\"],\"inLanguage\":\"de-DE\"},{\"@type\":\"WebPage\",\"@id\":\"https:\\\/\\\/www.vanderplasgroup.com\\\/de\\\/eine-grosse-familie\\\/\",\"url\":\"https:\\\/\\\/www.vanderplasgroup.com\\\/de\\\/eine-grosse-familie\\\/\",\"name\":\"Eine gro\u00dfe Familie - Van der Plas Group\",\"isPartOf\":{\"@id\":\"https:\\\/\\\/www.vanderplasgroup.com\\\/de\\\/#website\"},\"primaryImageOfPage\":{\"@id\":\"https:\\\/\\\/www.vanderplasgroup.com\\\/de\\\/eine-grosse-familie\\\/#primaryimage\"},\"image\":{\"@id\":\"https:\\\/\\\/www.vanderplasgroup.com\\\/de\\\/eine-grosse-familie\\\/#primaryimage\"},\"thumbnailUrl\":\"https:\\\/\\\/www.vanderplasgroup.com\\\/wp-content\\\/uploads\\\/DSC_3523.jpg\",\"datePublished\":\"2021-07-27T14:32:22+00:00\",\"dateModified\":\"2023-07-18T09:46:13+00:00\",\"author\":{\"@id\":\"https:\\\/\\\/www.vanderplasgroup.com\\\/de\\\/#\\\/schema\\\/person\\\/9de6e104abd0f19d053d088367ef2fd7\"},\"description\":\"Floral Trade Group vormt al vijftig jaar een mooie familie van bedrijven. Daarbij staan drie familiewaarden centraal: Betrokken, Verbindend en Ondernemend. Drie collega's lichten ze toe.\",\"breadcrumb\":{\"@id\":\"https:\\\/\\\/www.vanderplasgroup.com\\\/de\\\/eine-grosse-familie\\\/#breadcrumb\"},\"inLanguage\":\"de-DE\",\"potentialAction\":[{\"@type\":\"ReadAction\",\"target\":[\"https:\\\/\\\/www.vanderplasgroup.com\\\/de\\\/eine-grosse-familie\\\/\"]}]},{\"@type\":\"ImageObject\",\"inLanguage\":\"de-DE\",\"@id\":\"https:\\\/\\\/www.vanderplasgroup.com\\\/de\\\/eine-grosse-familie\\\/#primaryimage\",\"url\":\"https:\\\/\\\/www.vanderplasgroup.com\\\/wp-content\\\/uploads\\\/DSC_3523.jpg\",\"contentUrl\":\"https:\\\/\\\/www.vanderplasgroup.com\\\/wp-content\\\/uploads\\\/DSC_3523.jpg\",\"width\":3776,\"height\":5656},{\"@type\":\"BreadcrumbList\",\"@id\":\"https:\\\/\\\/www.vanderplasgroup.com\\\/de\\\/eine-grosse-familie\\\/#breadcrumb\",\"itemListElement\":[{\"@type\":\"ListItem\",\"position\":1,\"name\":\"Home\",\"item\":\"https:\\\/\\\/www.vanderplasgroup.com\\\/de\\\/?lang=de\"},{\"@type\":\"ListItem\",\"position\":2,\"name\":\"Eine gro\u00dfe Familie\"}]},{\"@type\":\"WebSite\",\"@id\":\"https:\\\/\\\/www.vanderplasgroup.com\\\/de\\\/#website\",\"url\":\"https:\\\/\\\/www.vanderplasgroup.com\\\/de\\\/\",\"name\":\"Van der Plas Group\",\"description\":\"\",\"potentialAction\":[{\"@type\":\"SearchAction\",\"target\":{\"@type\":\"EntryPoint\",\"urlTemplate\":\"https:\\\/\\\/www.vanderplasgroup.com\\\/de\\\/?s={search_term_string}\"},\"query-input\":{\"@type\":\"PropertyValueSpecification\",\"valueRequired\":true,\"valueName\":\"search_term_string\"}}],\"inLanguage\":\"de-DE\"},{\"@type\":\"Person\",\"@id\":\"https:\\\/\\\/www.vanderplasgroup.com\\\/de\\\/#\\\/schema\\\/person\\\/9de6e104abd0f19d053d088367ef2fd7\",\"name\":\"beheerftg\",\"url\":\"https:\\\/\\\/www.vanderplasgroup.com\\\/de\\\/author\\\/beheerftg\\\/\"}]}<\/script>\n<!-- \/ Yoast SEO plugin. -->","yoast_head_json":{"title":"Eine gro\u00dfe Familie - Van der Plas Group","description":"Floral Trade Group vormt al vijftig jaar een mooie familie van bedrijven. Daarbij staan drie familiewaarden centraal: Betrokken, Verbindend en Ondernemend. Drie collega's lichten ze toe.","robots":{"index":"index","follow":"follow","max-snippet":"max-snippet:-1","max-image-preview":"max-image-preview:large","max-video-preview":"max-video-preview:-1"},"canonical":"https:\/\/www.vanderplasgroup.com\/de\/eine-grosse-familie\/","og_locale":"de_DE","og_type":"article","og_title":"Eine gro\u00dfe Familie - Van der Plas Group","og_description":"Floral Trade Group vormt al vijftig jaar een mooie familie van bedrijven. Daarbij staan drie familiewaarden centraal: Betrokken, Verbindend en Ondernemend. Drie collega's lichten ze toe.","og_url":"https:\/\/www.vanderplasgroup.com\/de\/eine-grosse-familie\/","og_site_name":"Van der Plas Group","article_published_time":"2021-07-27T14:32:22+00:00","article_modified_time":"2023-07-18T09:46:13+00:00","og_image":[{"width":1024,"height":813,"url":"https:\/\/www.vanderplasgroup.com\/wp-content\/uploads\/DSC_3523-scaled-e1650955585876-1024x813.jpg","type":"image\/jpeg"}],"author":"beheerftg","twitter_card":"summary_large_image","twitter_misc":{"Written by":"beheerftg","Est. reading time":"14 minutes"},"schema":{"@context":"https:\/\/schema.org","@graph":[{"@type":"Article","@id":"https:\/\/www.vanderplasgroup.com\/de\/eine-grosse-familie\/#article","isPartOf":{"@id":"https:\/\/www.vanderplasgroup.com\/de\/eine-grosse-familie\/"},"author":{"name":"beheerftg","@id":"https:\/\/www.vanderplasgroup.com\/de\/#\/schema\/person\/9de6e104abd0f19d053d088367ef2fd7"},"headline":"Eine gro\u00dfe Familie","datePublished":"2021-07-27T14:32:22+00:00","dateModified":"2023-07-18T09:46:13+00:00","mainEntityOfPage":{"@id":"https:\/\/www.vanderplasgroup.com\/de\/eine-grosse-familie\/"},"wordCount":6806,"image":{"@id":"https:\/\/www.vanderplasgroup.com\/de\/eine-grosse-familie\/#primaryimage"},"thumbnailUrl":"https:\/\/www.vanderplasgroup.com\/wp-content\/uploads\/DSC_3523.jpg","articleSection":["Unkategorisiert"],"inLanguage":"de-DE"},{"@type":"WebPage","@id":"https:\/\/www.vanderplasgroup.com\/de\/eine-grosse-familie\/","url":"https:\/\/www.vanderplasgroup.com\/de\/eine-grosse-familie\/","name":"Eine gro\u00dfe Familie - Van der Plas Group","isPartOf":{"@id":"https:\/\/www.vanderplasgroup.com\/de\/#website"},"primaryImageOfPage":{"@id":"https:\/\/www.vanderplasgroup.com\/de\/eine-grosse-familie\/#primaryimage"},"image":{"@id":"https:\/\/www.vanderplasgroup.com\/de\/eine-grosse-familie\/#primaryimage"},"thumbnailUrl":"https:\/\/www.vanderplasgroup.com\/wp-content\/uploads\/DSC_3523.jpg","datePublished":"2021-07-27T14:32:22+00:00","dateModified":"2023-07-18T09:46:13+00:00","author":{"@id":"https:\/\/www.vanderplasgroup.com\/de\/#\/schema\/person\/9de6e104abd0f19d053d088367ef2fd7"},"description":"Floral Trade Group vormt al vijftig jaar een mooie familie van bedrijven. Daarbij staan drie familiewaarden centraal: Betrokken, Verbindend en Ondernemend. Drie collega's lichten ze toe.","breadcrumb":{"@id":"https:\/\/www.vanderplasgroup.com\/de\/eine-grosse-familie\/#breadcrumb"},"inLanguage":"de-DE","potentialAction":[{"@type":"ReadAction","target":["https:\/\/www.vanderplasgroup.com\/de\/eine-grosse-familie\/"]}]},{"@type":"ImageObject","inLanguage":"de-DE","@id":"https:\/\/www.vanderplasgroup.com\/de\/eine-grosse-familie\/#primaryimage","url":"https:\/\/www.vanderplasgroup.com\/wp-content\/uploads\/DSC_3523.jpg","contentUrl":"https:\/\/www.vanderplasgroup.com\/wp-content\/uploads\/DSC_3523.jpg","width":3776,"height":5656},{"@type":"BreadcrumbList","@id":"https:\/\/www.vanderplasgroup.com\/de\/eine-grosse-familie\/#breadcrumb","itemListElement":[{"@type":"ListItem","position":1,"name":"Home","item":"https:\/\/www.vanderplasgroup.com\/de\/?lang=de"},{"@type":"ListItem","position":2,"name":"Eine gro\u00dfe Familie"}]},{"@type":"WebSite","@id":"https:\/\/www.vanderplasgroup.com\/de\/#website","url":"https:\/\/www.vanderplasgroup.com\/de\/","name":"Van der Plas Group","description":"","potentialAction":[{"@type":"SearchAction","target":{"@type":"EntryPoint","urlTemplate":"https:\/\/www.vanderplasgroup.com\/de\/?s={search_term_string}"},"query-input":{"@type":"PropertyValueSpecification","valueRequired":true,"valueName":"search_term_string"}}],"inLanguage":"de-DE"},{"@type":"Person","@id":"https:\/\/www.vanderplasgroup.com\/de\/#\/schema\/person\/9de6e104abd0f19d053d088367ef2fd7","name":"beheerftg","url":"https:\/\/www.vanderplasgroup.com\/de\/author\/beheerftg\/"}]}},"_links":{"self":[{"href":"https:\/\/www.vanderplasgroup.com\/de\/wp-json\/wp\/v2\/posts\/5031","targetHints":{"allow":["GET"]}}],"collection":[{"href":"https:\/\/www.vanderplasgroup.com\/de\/wp-json\/wp\/v2\/posts"}],"about":[{"href":"https:\/\/www.vanderplasgroup.com\/de\/wp-json\/wp\/v2\/types\/post"}],"author":[{"embeddable":true,"href":"https:\/\/www.vanderplasgroup.com\/de\/wp-json\/wp\/v2\/users\/10"}],"replies":[{"embeddable":true,"href":"https:\/\/www.vanderplasgroup.com\/de\/wp-json\/wp\/v2\/comments?post=5031"}],"version-history":[{"count":0,"href":"https:\/\/www.vanderplasgroup.com\/de\/wp-json\/wp\/v2\/posts\/5031\/revisions"}],"wp:featuredmedia":[{"embeddable":true,"href":"https:\/\/www.vanderplasgroup.com\/de\/wp-json\/wp\/v2\/media\/4194"}],"wp:attachment":[{"href":"https:\/\/www.vanderplasgroup.com\/de\/wp-json\/wp\/v2\/media?parent=5031"}],"wp:term":[{"taxonomy":"category","embeddable":true,"href":"https:\/\/www.vanderplasgroup.com\/de\/wp-json\/wp\/v2\/categories?post=5031"},{"taxonomy":"post_tag","embeddable":true,"href":"https:\/\/www.vanderplasgroup.com\/de\/wp-json\/wp\/v2\/tags?post=5031"}],"curies":[{"name":"wp","href":"https:\/\/api.w.org\/{rel}","templated":true}]}}