{"id":5112,"date":"2021-08-11T14:54:01","date_gmt":"2021-08-11T12:54:01","guid":{"rendered":"https:\/\/www.vanderplasgroup.com\/?p=5112"},"modified":"2021-08-12T09:33:56","modified_gmt":"2021-08-12T07:33:56","slug":"lang-laenger-am-laengsten","status":"publish","type":"post","link":"https:\/\/www.vanderplasgroup.com\/de\/lang-laenger-am-laengsten\/","title":{"rendered":"Lang \u2013 L\u00e4nger \u2013 am L\u00e4ngsten"},"content":{"rendered":"<p><div class=\"fusion-fullwidth fullwidth-box fusion-builder-row-1 fusion-flex-container nonhundred-percent-fullwidth non-hundred-percent-height-scrolling\" style=\"--awb-border-radius-top-left:0px;--awb-border-radius-top-right:0px;--awb-border-radius-bottom-right:0px;--awb-border-radius-bottom-left:0px;--awb-flex-wrap:wrap;\" ><div class=\"fusion-builder-row fusion-row fusion-flex-align-items-flex-start fusion-flex-content-wrap\" style=\"max-width:1248px;margin-left: calc(-4% \/ 2 );margin-right: calc(-4% \/ 2 );\"><div class=\"fusion-layout-column fusion_builder_column fusion-builder-column-0 fusion_builder_column_1_2 1_2 fusion-flex-column\" style=\"--awb-bg-size:cover;--awb-width-large:50%;--awb-margin-top-large:0px;--awb-spacing-right-large:3.84%;--awb-margin-bottom-large:0px;--awb-spacing-left-large:3.84%;--awb-width-medium:50%;--awb-order-medium:0;--awb-spacing-right-medium:3.84%;--awb-spacing-left-medium:3.84%;--awb-width-small:100%;--awb-order-small:0;--awb-spacing-right-small:1.92%;--awb-spacing-left-small:1.92%;\"><div class=\"fusion-column-wrapper fusion-column-has-shadow fusion-flex-justify-content-flex-start fusion-content-layout-column\"><div class=\"fusion-text fusion-text-1\"><h2><span class=\"TextRun SCXW246089337 BCX0\" lang=\"DE-DE\" xml:lang=\"DE-DE\" data-contrast=\"auto\"><span class=\"NormalTextRun SCXW246089337 BCX0\">&#8216;Trotz der Automatisierung finde ich meine Arbeit lebendig!&#8217;<\/span><\/span><\/h2>\n<\/div><div class=\"fusion-text fusion-text-2\"><p><strong><span class=\"TextRun SCXW4391922 BCX0\" lang=\"DE-DE\" xml:lang=\"DE-DE\" data-contrast=\"auto\"><span class=\"SpellingError FindHit SCXW4391922 BCX0\">Stef<\/span><span class=\"FindHit SCXW4391922 BCX0\">\u00a0<\/span><span class=\"SpellingError FindHit SCXW4391922 BCX0\">Lesger<\/span><span class=\"NormalTextRun SCXW4391922 BCX0\">\u00a0\u2013 26 Jahre bei\u00a0<\/span><span class=\"SpellingError SCXW4391922 BCX0\">Summaflor<\/span><span class=\"NormalTextRun SCXW4391922 BCX0\">\u00a0\u2013 hat viele Entwicklungen miterlebt. Vom Papier zum Fax und zur Digitalisierung. Fr\u00fcher, so\u00a0<\/span><span class=\"SpellingError SCXW4391922 BCX0\">Stef<\/span><span class=\"NormalTextRun SCXW4391922 BCX0\">, war die Arbeit nicht unbedingt schlechter oder besser, aber alles lief<\/span><span class=\"NormalTextRun SCXW4391922 BCX0\">\u00a0schlichtweg<\/span><span class=\"NormalTextRun SCXW4391922 BCX0\">\u00a0anders\u2026<\/span><\/span><span class=\"EOP SCXW4391922 BCX0\" data-ccp-props=\"{\">\u00a0<\/span><\/strong><\/p>\n<\/div><\/div><\/div><div class=\"fusion-layout-column fusion_builder_column fusion-builder-column-1 fusion_builder_column_1_2 1_2 fusion-flex-column\" style=\"--awb-bg-size:cover;--awb-width-large:50%;--awb-margin-top-large:0px;--awb-spacing-right-large:3.84%;--awb-margin-bottom-large:0px;--awb-spacing-left-large:3.84%;--awb-width-medium:50%;--awb-order-medium:0;--awb-spacing-right-medium:3.84%;--awb-spacing-left-medium:3.84%;--awb-width-small:100%;--awb-order-small:0;--awb-spacing-right-small:1.92%;--awb-spacing-left-small:1.92%;\"><div class=\"fusion-column-wrapper fusion-column-has-shadow fusion-flex-justify-content-flex-start fusion-content-layout-column\"><div class=\"fusion-image-element \" style=\"--awb-caption-title-font-family:var(--h2_typography-font-family);--awb-caption-title-font-weight:var(--h2_typography-font-weight);--awb-caption-title-font-style:var(--h2_typography-font-style);--awb-caption-title-size:var(--h2_typography-font-size);--awb-caption-title-transform:var(--h2_typography-text-transform);--awb-caption-title-line-height:var(--h2_typography-line-height);--awb-caption-title-letter-spacing:var(--h2_typography-letter-spacing);\"><span class=\" fusion-imageframe imageframe-none imageframe-1 hover-type-none\"><img decoding=\"async\" width=\"2560\" height=\"1707\" title=\"Stef Lesger\" src=\"https:\/\/www.vanderplasgroup.com\/wp-content\/uploads\/Stef-Lesger-1-scaled-e1627984833443.jpg\" alt class=\"img-responsive wp-image-5065\"\/><\/span><\/div><\/div><\/div><\/div><\/div><div class=\"fusion-fullwidth fullwidth-box fusion-builder-row-2 fusion-flex-container nonhundred-percent-fullwidth non-hundred-percent-height-scrolling\" style=\"--awb-border-radius-top-left:0px;--awb-border-radius-top-right:0px;--awb-border-radius-bottom-right:0px;--awb-border-radius-bottom-left:0px;--awb-flex-wrap:wrap;\" ><div class=\"fusion-builder-row fusion-row fusion-flex-align-items-flex-start fusion-flex-content-wrap\" style=\"max-width:1248px;margin-left: calc(-4% \/ 2 );margin-right: calc(-4% \/ 2 );\"><div class=\"fusion-layout-column fusion_builder_column fusion-builder-column-2 fusion_builder_column_1_1 1_1 fusion-flex-column\" style=\"--awb-bg-size:cover;--awb-width-large:100%;--awb-margin-top-large:0px;--awb-spacing-right-large:1.92%;--awb-margin-bottom-large:0px;--awb-spacing-left-large:1.92%;--awb-width-medium:100%;--awb-order-medium:0;--awb-spacing-right-medium:1.92%;--awb-spacing-left-medium:1.92%;--awb-width-small:100%;--awb-order-small:0;--awb-spacing-right-small:1.92%;--awb-spacing-left-small:1.92%;\"><div class=\"fusion-column-wrapper fusion-column-has-shadow fusion-flex-justify-content-flex-start fusion-content-layout-column\"><div class=\"fusion-text fusion-text-3\"><p><span data-contrast=\"auto\">\"Eines\u00a0Samstagmorgens\u00a0riefen mich Cees de\u00a0Mooij\u00a0und Marcel\u00a0Heemskerk\u00a0an\u00a0und luden mich zu einem Gespr\u00e4ch ein.\u00a0Am liebsten\u00a0wollten\u00a0sie, dass ich noch am selben Tag vorbeikomme\u2026 Fazit: Mir wurde eine Stelle als Box-Chef angeboten. Darauf bin ich eingegangen!<\/span><span data-ccp-props=\"{\">\u00a0<\/span><span data-contrast=\"auto\">Im Laufe der Jahre hat sich vieles\u00a0ver\u00e4ndert. In Bezug auf die Kunden, aber auch das Sortiment und die Arbeitsweise ist\u00a0anders.\u00a0<\/span><span data-ccp-props=\"{\">\u00a0<\/span><\/p>\n<p><span data-contrast=\"auto\">Heutzutage wird nat\u00fcrlich viel mehr automatisiert, aber\u00a0ich finde\u00a0meine Arbeit trotzdem\u00a0noch immer\u00a0lebendig und abwechslungsreich! Fr\u00fcher war die Arbeit nicht unbedingt schlechter oder besser, aber alles lief anders. Heutzutage wird alles am Computer erledigt.\u00a0Fr\u00fcher haben wir alles\u00a0auf einem Blatt Papier\u00a0geschrieben\u00a0und Faxen war schon eine neue Art zu arbeiten. Das kann\u00a0man sich\u00a0jetzt nicht\u00a0mehr\u00a0vorstellen!<\/span><span data-ccp-props=\"{\">\u00a0<\/span><\/p>\n<p><span data-contrast=\"auto\">Und was das Sortiment angeht,\u00a0fr\u00fcher\u00a0gab es\u00a0nur eine sehr begrenzte Anzahl verschiedener Rosen, heute gibt es unz\u00e4hlige\u00a0Arten.\u00a0Alles\u00a0ist viel\u00a0komplizierter\u00a0geworden.\u00a0<\/span><span data-contrast=\"auto\">Au\u00dferdem haben wir fr\u00fcher mit\u00a0extrem\u00a0vielen Paletten gearbeitet,\u00a0an Feiertagen\u00a0konnte\u00a0es gut und gerne mal passieren, dass man\u00a0dreihundert Paletten\u00a0verbraucht hat.<\/span><span data-ccp-props=\"{\">\u00a0<\/span><\/p>\n<p><span data-contrast=\"auto\">Wir\u00a0mussten\u00a0separate Hallen\u00a0mieten, um\u00a0all\u00a0die Paletten lagern\u00a0zu k\u00f6nnen. Feiertage waren\u00a0richtig intensiv, aber diese Zeit hatte auch was. Es gab auch praktisch keine Transparenz auf dem Markt, Margen zu machen war einfacher und man konnte wirklich mit dem Handel spielen.\u00a0<\/span><\/p>\n<p><span data-contrast=\"auto\">Im Bereich\u00a0Einzelhandel\u00a0sehe ich f\u00fcr die Zukunft viele Chancen. Der Supermarkthandel wird wirklich attraktiver und\u00a0au\u00dferdem kaufen\u00a0Menschen zunehmend online ein, auch im Ausland.<\/span><span data-ccp-props=\"\">\u00a0<\/span><span data-contrast=\"auto\">Alles in allem:\u00a0Ich bin hier noch\u00a0lange nicht fertig!\"<\/span><\/p>\n<\/div><\/div><\/div><\/div><\/div><div class=\"fusion-fullwidth fullwidth-box fusion-builder-row-3 fusion-flex-container nonhundred-percent-fullwidth non-hundred-percent-height-scrolling\" style=\"--awb-border-radius-top-left:0px;--awb-border-radius-top-right:0px;--awb-border-radius-bottom-right:0px;--awb-border-radius-bottom-left:0px;--awb-flex-wrap:wrap;\" ><div class=\"fusion-builder-row fusion-row fusion-flex-align-items-flex-start fusion-flex-content-wrap\" style=\"max-width:1248px;margin-left: calc(-4% \/ 2 );margin-right: calc(-4% \/ 2 );\"><div class=\"fusion-layout-column fusion_builder_column fusion-builder-column-3 fusion_builder_column_1_2 1_2 fusion-flex-column\" style=\"--awb-bg-size:cover;--awb-width-large:50%;--awb-margin-top-large:0px;--awb-spacing-right-large:3.84%;--awb-margin-bottom-large:0px;--awb-spacing-left-large:3.84%;--awb-width-medium:50%;--awb-order-medium:0;--awb-spacing-right-medium:3.84%;--awb-spacing-left-medium:3.84%;--awb-width-small:100%;--awb-order-small:0;--awb-spacing-right-small:1.92%;--awb-spacing-left-small:1.92%;\"><div class=\"fusion-column-wrapper fusion-column-has-shadow fusion-flex-justify-content-center fusion-content-layout-column\"><div class=\"fusion-text fusion-text-4\"><h2><span class=\"TextRun SCXW77556833 BCX0\" lang=\"DE-DE\" xml:lang=\"DE-DE\" data-contrast=\"auto\"><span class=\"NormalTextRun SCXW77556833 BCX0\">&#8216;Fr\u00fcher hatten wir viel auf Lager, jetzt ist das ganz anders!&#8217;<\/span><\/span><\/h2>\n<\/div><div class=\"fusion-text fusion-text-5\"><p><strong><span class=\"TextRun SCXW68428596 BCX0\" lang=\"DE-DE\" xml:lang=\"DE-DE\" data-contrast=\"auto\"><span class=\"NormalTextRun SCXW68428596 BCX0\">Alexandra\u00a0<\/span><span class=\"SpellingError SCXW68428596 BCX0\">Meiland<\/span><span class=\"NormalTextRun SCXW68428596 BCX0\">\u00a0\u2013 29 Jahre bei\u00a0<\/span><span class=\"SpellingError SCXW68428596 BCX0\">Summaflor<\/span><span class=\"NormalTextRun SCXW68428596 BCX0\">\u00a0\u2013 f\u00e4hrt seit 29 Jahren t\u00e4glich mit dem Fahrrad von Noordwijk nach\u00a0<\/span><span class=\"SpellingError SCXW68428596 BCX0\">Rijnsburg<\/span><span class=\"NormalTextRun SCXW68428596 BCX0\">. Die 45-min\u00fctige Fahrt h\u00e4lt sie fit!<\/span><\/span><span class=\"EOP SCXW68428596 BCX0\" data-ccp-props=\"\">\u00a0<\/span><\/strong><\/p>\n<\/div><\/div><\/div><div class=\"fusion-layout-column fusion_builder_column fusion-builder-column-4 fusion_builder_column_1_2 1_2 fusion-flex-column\" style=\"--awb-bg-size:cover;--awb-width-large:50%;--awb-margin-top-large:0px;--awb-spacing-right-large:3.84%;--awb-margin-bottom-large:0px;--awb-spacing-left-large:3.84%;--awb-width-medium:50%;--awb-order-medium:0;--awb-spacing-right-medium:3.84%;--awb-spacing-left-medium:3.84%;--awb-width-small:100%;--awb-order-small:0;--awb-spacing-right-small:1.92%;--awb-spacing-left-small:1.92%;\"><div class=\"fusion-column-wrapper fusion-column-has-shadow fusion-flex-justify-content-flex-start fusion-content-layout-column\"><div class=\"fusion-image-element \" style=\"--awb-caption-title-font-family:var(--h2_typography-font-family);--awb-caption-title-font-weight:var(--h2_typography-font-weight);--awb-caption-title-font-style:var(--h2_typography-font-style);--awb-caption-title-size:var(--h2_typography-font-size);--awb-caption-title-transform:var(--h2_typography-text-transform);--awb-caption-title-line-height:var(--h2_typography-line-height);--awb-caption-title-letter-spacing:var(--h2_typography-letter-spacing);\"><span class=\" fusion-imageframe imageframe-none imageframe-2 hover-type-none\"><img decoding=\"async\" width=\"2560\" height=\"1707\" title=\"Alexandra\" src=\"https:\/\/www.vanderplasgroup.com\/wp-content\/uploads\/Alexandra-scaled-e1627987340128.jpg\" alt class=\"img-responsive wp-image-5095\"\/><\/span><\/div><\/div><\/div><\/div><\/div><div class=\"fusion-fullwidth fullwidth-box fusion-builder-row-4 fusion-flex-container nonhundred-percent-fullwidth non-hundred-percent-height-scrolling\" style=\"--awb-border-radius-top-left:0px;--awb-border-radius-top-right:0px;--awb-border-radius-bottom-right:0px;--awb-border-radius-bottom-left:0px;--awb-flex-wrap:wrap;\" ><div class=\"fusion-builder-row fusion-row fusion-flex-align-items-flex-start fusion-flex-content-wrap\" style=\"max-width:1248px;margin-left: calc(-4% \/ 2 );margin-right: calc(-4% \/ 2 );\"><div class=\"fusion-layout-column fusion_builder_column fusion-builder-column-5 fusion_builder_column_1_1 1_1 fusion-flex-column\" style=\"--awb-bg-size:cover;--awb-width-large:100%;--awb-margin-top-large:0px;--awb-spacing-right-large:1.92%;--awb-margin-bottom-large:0px;--awb-spacing-left-large:1.92%;--awb-width-medium:100%;--awb-order-medium:0;--awb-spacing-right-medium:1.92%;--awb-spacing-left-medium:1.92%;--awb-width-small:100%;--awb-order-small:0;--awb-spacing-right-small:1.92%;--awb-spacing-left-small:1.92%;\"><div class=\"fusion-column-wrapper fusion-column-has-shadow fusion-flex-justify-content-flex-start fusion-content-layout-column\"><div class=\"fusion-text fusion-text-6\"><p><span data-contrast=\"auto\">\"Am 18. M\u00e4rz\u00a0diesen Jahres\u00a0habe ich hier genau 29 Jahre gearbeitet, inklusive der Zeit, in der ich als Zeitarbeitskraft angefangen habe! In diesen Jahren habe ich viele neue Kollegen, aber auch\u00a0so einige\u00a0neue Kunden kennengelernt. Einige Kunden\u00a0fingen\u00a0mit ein paar Kisten pro Tag\u00a0an\u00a0und ich habe sie im Laufe der Jahre wachsen sehen!<\/span><span data-ccp-props=\"\">\u00a0<\/span><\/p>\n<p><span data-contrast=\"auto\">Die sich\u00a0ver\u00e4ndernden Computersysteme waren\u00a0etwas\u00a0gew\u00f6hnungsbed\u00fcrftig. Als\u00a0ich mich gerade an ein System gew\u00f6hnt\u00a0hatte\u00a0und musste\u00a0ich schon\u00a0wieder lernen, mit einem anderen System\u00a0umzugehen. Zum Gl\u00fcck hat\u00a0das\u00a0immer\u00a0geklappt!<\/span><span data-ccp-props=\"\">\u00a0<\/span><\/p>\n<p><span data-contrast=\"auto\">Die Leute sagen,\u00a0dass nichts so ver\u00e4nderlich\u00a0sei\u00a0wie die Arbeit. Und\u00a0es\u00a0ist\u00a0gut, dass das passiert. Vor einigen Jahren erhielten wir eine Pr\u00e4sentation von der Van der Plas Group, in der\u00a0man uns sagte, dass\u00a0statt\u00a0angebotsorientiert\u00a0nun nachfrageorientiert gearbeitet\u00a0werden w\u00fcrde. Den Unterschied merke ich zum Beispiel beim\u00a0Vorrat. Fr\u00fcher hatten wir viel auf Lager, jetzt ist das ganz anders.<\/span><span data-ccp-props=\"\">\u00a0<\/span><\/p>\n<p><span data-contrast=\"auto\">Mein pers\u00f6nliches Highlight der letzten Jahre war mein\u00a025-j\u00e4hriges Jubil\u00e4um! Daran werde ich mich auf ewig erinnern, wir haben sogar\u00a0eine kleine Feier\u00a0hier auf der Arbeit veranstaltet.\u00a0Gro\u00dfartig!\"<\/span><span data-ccp-props=\"\">\u00a0<\/span><\/p>\n<\/div><\/div><\/div><\/div><\/div><div class=\"fusion-fullwidth fullwidth-box fusion-builder-row-5 fusion-flex-container nonhundred-percent-fullwidth non-hundred-percent-height-scrolling\" style=\"--awb-border-radius-top-left:0px;--awb-border-radius-top-right:0px;--awb-border-radius-bottom-right:0px;--awb-border-radius-bottom-left:0px;--awb-flex-wrap:wrap;\" ><div class=\"fusion-builder-row fusion-row fusion-flex-align-items-flex-start fusion-flex-content-wrap\" style=\"max-width:1248px;margin-left: calc(-4% \/ 2 );margin-right: calc(-4% \/ 2 );\"><div class=\"fusion-layout-column fusion_builder_column fusion-builder-column-6 fusion_builder_column_1_2 1_2 fusion-flex-column\" style=\"--awb-bg-size:cover;--awb-width-large:50%;--awb-margin-top-large:0px;--awb-spacing-right-large:3.84%;--awb-margin-bottom-large:0px;--awb-spacing-left-large:3.84%;--awb-width-medium:50%;--awb-order-medium:0;--awb-spacing-right-medium:3.84%;--awb-spacing-left-medium:3.84%;--awb-width-small:100%;--awb-order-small:0;--awb-spacing-right-small:1.92%;--awb-spacing-left-small:1.92%;\"><div class=\"fusion-column-wrapper fusion-column-has-shadow fusion-flex-justify-content-center fusion-content-layout-column\"><div class=\"fusion-text fusion-text-7\"><h2><span data-contrast=\"auto\">&#8216;Wir sind ein gro\u00dfer Player mit einer\u00a0starken Position in unserer Branche&#8217;<\/span><\/h2>\n<\/div><div class=\"fusion-text fusion-text-8\"><p><strong><span class=\"TextRun SCXW23137546 BCX0\" lang=\"DE-DE\" xml:lang=\"DE-DE\" data-contrast=\"auto\"><span class=\"SpellingError SCXW23137546 BCX0\">Ard<\/span><span class=\"NormalTextRun SCXW23137546 BCX0\">\u00a0Jan van\u00a0<\/span><span class=\"SpellingError SCXW23137546 BCX0\">Duijvenbode<\/span><span class=\"NormalTextRun SCXW23137546 BCX0\">\u00a0\u2013 30 Jahre bei Van der\u00a0<\/span><span class=\"SpellingError SCXW23137546 BCX0\">Plas<\/span><span class=\"NormalTextRun SCXW23137546 BCX0\">\u00a0\u2013 is<\/span><span class=\"NormalTextRun SCXW23137546 BCX0\">t<\/span><span class=\"NormalTextRun SCXW23137546 BCX0\">\u00a0<\/span><span class=\"NormalTextRun SCXW23137546 BCX0\">verantwortlich f\u00fcr die\u00a0<\/span><span class=\"NormalTextRun SCXW23137546 BCX0\">Lieferverbindungen<\/span><span class=\"NormalTextRun SCXW23137546 BCX0\">\u00a0nach Frankreich und ist Ansprechpartner f\u00fcr die Cash &\u00a0<\/span><span class=\"SpellingError SCXW23137546 BCX0\">Carry's<\/span><span class=\"NormalTextRun SCXW23137546 BCX0\">.\u00a0<\/span><span class=\"NormalTextRun SCXW23137546 BCX0\">Gemeinsam<\/span><span class=\"NormalTextRun SCXW23137546 BCX0\">\u00a0mit Wim van der\u00a0<\/span><span class=\"SpellingError SCXW23137546 BCX0\">Plas<\/span><span class=\"NormalTextRun SCXW23137546 BCX0\">\u00a0<\/span><span class=\"NormalTextRun SCXW23137546 BCX0\">hat er mit dem LKW\u00a0<\/span><span class=\"NormalTextRun SCXW23137546 BCX0\">nach Frankreich<\/span><span class=\"NormalTextRun SCXW23137546 BCX0\">\u00a0angefangen<\/span><span class=\"NormalTextRun SCXW23137546 BCX0\">.<\/span><\/span><span class=\"EOP SCXW23137546 BCX0\" data-ccp-props=\"\">\u00a0<\/span><\/strong><\/p>\n<\/div><\/div><\/div><div class=\"fusion-layout-column fusion_builder_column fusion-builder-column-7 fusion_builder_column_1_2 1_2 fusion-flex-column\" style=\"--awb-bg-size:cover;--awb-width-large:50%;--awb-margin-top-large:0px;--awb-spacing-right-large:3.84%;--awb-margin-bottom-large:0px;--awb-spacing-left-large:3.84%;--awb-width-medium:50%;--awb-order-medium:0;--awb-spacing-right-medium:3.84%;--awb-spacing-left-medium:3.84%;--awb-width-small:100%;--awb-order-small:0;--awb-spacing-right-small:1.92%;--awb-spacing-left-small:1.92%;\"><div class=\"fusion-column-wrapper fusion-column-has-shadow fusion-flex-justify-content-flex-start fusion-content-layout-column\"><div class=\"fusion-image-element \" style=\"--awb-caption-title-font-family:var(--h2_typography-font-family);--awb-caption-title-font-weight:var(--h2_typography-font-weight);--awb-caption-title-font-style:var(--h2_typography-font-style);--awb-caption-title-size:var(--h2_typography-font-size);--awb-caption-title-transform:var(--h2_typography-text-transform);--awb-caption-title-line-height:var(--h2_typography-line-height);--awb-caption-title-letter-spacing:var(--h2_typography-letter-spacing);\"><span class=\" fusion-imageframe imageframe-none imageframe-3 hover-type-none\"><img decoding=\"async\" width=\"1707\" height=\"2560\" title=\"Ard-Jan\" src=\"https:\/\/www.vanderplasgroup.com\/wp-content\/uploads\/Ard-Jan-scaled-e1627987980329.jpg\" alt class=\"img-responsive wp-image-5098\"\/><\/span><\/div><\/div><\/div><\/div><\/div><div class=\"fusion-fullwidth fullwidth-box fusion-builder-row-6 fusion-flex-container nonhundred-percent-fullwidth non-hundred-percent-height-scrolling\" style=\"--awb-border-radius-top-left:0px;--awb-border-radius-top-right:0px;--awb-border-radius-bottom-right:0px;--awb-border-radius-bottom-left:0px;--awb-flex-wrap:wrap;\" ><div class=\"fusion-builder-row fusion-row fusion-flex-align-items-flex-start fusion-flex-content-wrap\" style=\"max-width:1248px;margin-left: calc(-4% \/ 2 );margin-right: calc(-4% \/ 2 );\"><div class=\"fusion-layout-column fusion_builder_column fusion-builder-column-8 fusion_builder_column_1_1 1_1 fusion-flex-column\" style=\"--awb-bg-size:cover;--awb-width-large:100%;--awb-margin-top-large:0px;--awb-spacing-right-large:1.92%;--awb-margin-bottom-large:0px;--awb-spacing-left-large:1.92%;--awb-width-medium:100%;--awb-order-medium:0;--awb-spacing-right-medium:1.92%;--awb-spacing-left-medium:1.92%;--awb-width-small:100%;--awb-order-small:0;--awb-spacing-right-small:1.92%;--awb-spacing-left-small:1.92%;\"><div class=\"fusion-column-wrapper fusion-column-has-shadow fusion-flex-justify-content-flex-start fusion-content-layout-column\"><div class=\"fusion-text fusion-text-9\"><p><span data-contrast=\"auto\">&#8220;Ich habe gesehen, wie das Unternehmen zu dem herangewachsen ist, was es heute ist. Wachstum bringt nat\u00fcrlich viele Ver\u00e4nderungen mit sich. Das war manchmal gew\u00f6hnungsbed\u00fcrftig!<\/span><span data-ccp-props=\"{\">\u00a0<\/span><\/p>\n<p><span data-contrast=\"auto\">Ein positiver Effekt des Wachstums ist, dass wir als Unternehmen der Van der Plas Group voneinander profitieren k\u00f6nnen. Deshalb sehe ich die Zukunft\u00a0auch\u00a0positiv. Wir sind ein gro\u00dfer Player mit einer\u00a0starken\u00a0Marktposition in unserer Branche. Kein Tag ist wie der andere und jeden Tag habe ich neue Herausforderungen,\u00a0wodurch meine\u00a0Arbeit\u00a0mir weiterhin Spa\u00df macht. Das Motto: &#8216;Immer\u00a0weiter rechnen&#8217; hat sich \u00fcber die Jahre sicherlich ausgezahlt!&#8221;<\/span><\/p>\n<\/div><\/div><\/div><\/div><\/div><\/p>\n","protected":false},"excerpt":{"rendered":"","protected":false},"author":10,"featured_media":5104,"comment_status":"closed","ping_status":"closed","sticky":false,"template":"","format":"standard","meta":{"_acf_changed":false,"inline_featured_image":false,"footnotes":""},"categories":[9],"tags":[],"class_list":["post-5112","post","type-post","status-publish","format-standard","has-post-thumbnail","hentry","category-unkategorisiert"],"acf":{"titel":"Lang \u2013 L\u00e4nger \u2013 am L\u00e4ngsten","intro":"Ein goldenes Jubil\u00e4um stellt man gemeinsam auf die Beine! Deshalb freut sich Van der Plas Group besonders \u00fcber den treuen Kreis der Kolleginnen und Kollegen, die seit Jahrzehnten ihr Bestes f\u00fcr den Konzern geben. Stef, Alexandra und Ard Jan sind schon beinahe drei\u00dfig Jahre mit von der Partie!","_thumbnail_id":"https:\/\/www.vanderplasgroup.com\/wp-content\/uploads\/Ard-Jan-1.jpg"},"yoast_head":"<!-- This site is optimized with the Yoast SEO plugin v27.5 - https:\/\/yoast.com\/product\/yoast-seo-wordpress\/ -->\n<title>Lang \u2013 L\u00e4nger \u2013 am L\u00e4ngsten - Van der Plas Group<\/title>\n<meta name=\"robots\" content=\"index, follow, max-snippet:-1, max-image-preview:large, max-video-preview:-1\" \/>\n<link rel=\"canonical\" href=\"https:\/\/www.vanderplasgroup.com\/de\/lang-laenger-am-laengsten\/\" \/>\n<meta property=\"og:locale\" content=\"de_DE\" \/>\n<meta property=\"og:type\" content=\"article\" \/>\n<meta property=\"og:title\" content=\"Lang \u2013 L\u00e4nger \u2013 am L\u00e4ngsten - Van der Plas Group\" \/>\n<meta property=\"og:url\" content=\"https:\/\/www.vanderplasgroup.com\/de\/lang-laenger-am-laengsten\/\" \/>\n<meta property=\"og:site_name\" content=\"Van der Plas Group\" \/>\n<meta property=\"article:published_time\" content=\"2021-08-11T12:54:01+00:00\" \/>\n<meta property=\"article:modified_time\" content=\"2021-08-12T07:33:56+00:00\" \/>\n<meta property=\"og:image\" content=\"https:\/\/www.vanderplasgroup.com\/wp-content\/uploads\/Ard-Jan-1.jpg\" \/>\n\t<meta property=\"og:image:width\" content=\"1707\" \/>\n\t<meta property=\"og:image:height\" content=\"2560\" \/>\n\t<meta property=\"og:image:type\" content=\"image\/jpeg\" \/>\n<meta name=\"author\" content=\"beheerftg\" \/>\n<meta name=\"twitter:card\" content=\"summary_large_image\" \/>\n<meta name=\"twitter:label1\" content=\"Written by\" \/>\n\t<meta name=\"twitter:data1\" content=\"beheerftg\" \/>\n\t<meta name=\"twitter:label2\" content=\"Est. reading time\" \/>\n\t<meta name=\"twitter:data2\" content=\"12 minutes\" \/>\n<script type=\"application\/ld+json\" class=\"yoast-schema-graph\">{\"@context\":\"https:\\\/\\\/schema.org\",\"@graph\":[{\"@type\":\"Article\",\"@id\":\"https:\\\/\\\/www.vanderplasgroup.com\\\/de\\\/lang-laenger-am-laengsten\\\/#article\",\"isPartOf\":{\"@id\":\"https:\\\/\\\/www.vanderplasgroup.com\\\/de\\\/lang-laenger-am-laengsten\\\/\"},\"author\":{\"name\":\"beheerftg\",\"@id\":\"https:\\\/\\\/www.vanderplasgroup.com\\\/de\\\/#\\\/schema\\\/person\\\/9de6e104abd0f19d053d088367ef2fd7\"},\"headline\":\"Lang \u2013 L\u00e4nger \u2013 am L\u00e4ngsten\",\"datePublished\":\"2021-08-11T12:54:01+00:00\",\"dateModified\":\"2021-08-12T07:33:56+00:00\",\"mainEntityOfPage\":{\"@id\":\"https:\\\/\\\/www.vanderplasgroup.com\\\/de\\\/lang-laenger-am-laengsten\\\/\"},\"wordCount\":5701,\"image\":{\"@id\":\"https:\\\/\\\/www.vanderplasgroup.com\\\/de\\\/lang-laenger-am-laengsten\\\/#primaryimage\"},\"thumbnailUrl\":\"https:\\\/\\\/www.vanderplasgroup.com\\\/wp-content\\\/uploads\\\/Ard-Jan-1.jpg\",\"articleSection\":[\"Unkategorisiert\"],\"inLanguage\":\"de-DE\"},{\"@type\":\"WebPage\",\"@id\":\"https:\\\/\\\/www.vanderplasgroup.com\\\/de\\\/lang-laenger-am-laengsten\\\/\",\"url\":\"https:\\\/\\\/www.vanderplasgroup.com\\\/de\\\/lang-laenger-am-laengsten\\\/\",\"name\":\"Lang \u2013 L\u00e4nger \u2013 am L\u00e4ngsten - Van der Plas Group\",\"isPartOf\":{\"@id\":\"https:\\\/\\\/www.vanderplasgroup.com\\\/de\\\/#website\"},\"primaryImageOfPage\":{\"@id\":\"https:\\\/\\\/www.vanderplasgroup.com\\\/de\\\/lang-laenger-am-laengsten\\\/#primaryimage\"},\"image\":{\"@id\":\"https:\\\/\\\/www.vanderplasgroup.com\\\/de\\\/lang-laenger-am-laengsten\\\/#primaryimage\"},\"thumbnailUrl\":\"https:\\\/\\\/www.vanderplasgroup.com\\\/wp-content\\\/uploads\\\/Ard-Jan-1.jpg\",\"datePublished\":\"2021-08-11T12:54:01+00:00\",\"dateModified\":\"2021-08-12T07:33:56+00:00\",\"author\":{\"@id\":\"https:\\\/\\\/www.vanderplasgroup.com\\\/de\\\/#\\\/schema\\\/person\\\/9de6e104abd0f19d053d088367ef2fd7\"},\"breadcrumb\":{\"@id\":\"https:\\\/\\\/www.vanderplasgroup.com\\\/de\\\/lang-laenger-am-laengsten\\\/#breadcrumb\"},\"inLanguage\":\"de-DE\",\"potentialAction\":[{\"@type\":\"ReadAction\",\"target\":[\"https:\\\/\\\/www.vanderplasgroup.com\\\/de\\\/lang-laenger-am-laengsten\\\/\"]}]},{\"@type\":\"ImageObject\",\"inLanguage\":\"de-DE\",\"@id\":\"https:\\\/\\\/www.vanderplasgroup.com\\\/de\\\/lang-laenger-am-laengsten\\\/#primaryimage\",\"url\":\"https:\\\/\\\/www.vanderplasgroup.com\\\/wp-content\\\/uploads\\\/Ard-Jan-1.jpg\",\"contentUrl\":\"https:\\\/\\\/www.vanderplasgroup.com\\\/wp-content\\\/uploads\\\/Ard-Jan-1.jpg\",\"width\":1707,\"height\":2560},{\"@type\":\"BreadcrumbList\",\"@id\":\"https:\\\/\\\/www.vanderplasgroup.com\\\/de\\\/lang-laenger-am-laengsten\\\/#breadcrumb\",\"itemListElement\":[{\"@type\":\"ListItem\",\"position\":1,\"name\":\"Home\",\"item\":\"https:\\\/\\\/www.vanderplasgroup.com\\\/de\\\/?lang=de\"},{\"@type\":\"ListItem\",\"position\":2,\"name\":\"Lang \u2013 L\u00e4nger \u2013 am L\u00e4ngsten\"}]},{\"@type\":\"WebSite\",\"@id\":\"https:\\\/\\\/www.vanderplasgroup.com\\\/de\\\/#website\",\"url\":\"https:\\\/\\\/www.vanderplasgroup.com\\\/de\\\/\",\"name\":\"Van der Plas Group\",\"description\":\"\",\"potentialAction\":[{\"@type\":\"SearchAction\",\"target\":{\"@type\":\"EntryPoint\",\"urlTemplate\":\"https:\\\/\\\/www.vanderplasgroup.com\\\/de\\\/?s={search_term_string}\"},\"query-input\":{\"@type\":\"PropertyValueSpecification\",\"valueRequired\":true,\"valueName\":\"search_term_string\"}}],\"inLanguage\":\"de-DE\"},{\"@type\":\"Person\",\"@id\":\"https:\\\/\\\/www.vanderplasgroup.com\\\/de\\\/#\\\/schema\\\/person\\\/9de6e104abd0f19d053d088367ef2fd7\",\"name\":\"beheerftg\",\"url\":\"https:\\\/\\\/www.vanderplasgroup.com\\\/de\\\/author\\\/beheerftg\\\/\"}]}<\/script>\n<!-- \/ Yoast SEO plugin. -->","yoast_head_json":{"title":"Lang \u2013 L\u00e4nger \u2013 am L\u00e4ngsten - Van der Plas Group","robots":{"index":"index","follow":"follow","max-snippet":"max-snippet:-1","max-image-preview":"max-image-preview:large","max-video-preview":"max-video-preview:-1"},"canonical":"https:\/\/www.vanderplasgroup.com\/de\/lang-laenger-am-laengsten\/","og_locale":"de_DE","og_type":"article","og_title":"Lang \u2013 L\u00e4nger \u2013 am L\u00e4ngsten - Van der Plas Group","og_url":"https:\/\/www.vanderplasgroup.com\/de\/lang-laenger-am-laengsten\/","og_site_name":"Van der Plas Group","article_published_time":"2021-08-11T12:54:01+00:00","article_modified_time":"2021-08-12T07:33:56+00:00","og_image":[{"width":1707,"height":2560,"url":"https:\/\/www.vanderplasgroup.com\/wp-content\/uploads\/Ard-Jan-1.jpg","type":"image\/jpeg"}],"author":"beheerftg","twitter_card":"summary_large_image","twitter_misc":{"Written by":"beheerftg","Est. reading time":"12 minutes"},"schema":{"@context":"https:\/\/schema.org","@graph":[{"@type":"Article","@id":"https:\/\/www.vanderplasgroup.com\/de\/lang-laenger-am-laengsten\/#article","isPartOf":{"@id":"https:\/\/www.vanderplasgroup.com\/de\/lang-laenger-am-laengsten\/"},"author":{"name":"beheerftg","@id":"https:\/\/www.vanderplasgroup.com\/de\/#\/schema\/person\/9de6e104abd0f19d053d088367ef2fd7"},"headline":"Lang \u2013 L\u00e4nger \u2013 am L\u00e4ngsten","datePublished":"2021-08-11T12:54:01+00:00","dateModified":"2021-08-12T07:33:56+00:00","mainEntityOfPage":{"@id":"https:\/\/www.vanderplasgroup.com\/de\/lang-laenger-am-laengsten\/"},"wordCount":5701,"image":{"@id":"https:\/\/www.vanderplasgroup.com\/de\/lang-laenger-am-laengsten\/#primaryimage"},"thumbnailUrl":"https:\/\/www.vanderplasgroup.com\/wp-content\/uploads\/Ard-Jan-1.jpg","articleSection":["Unkategorisiert"],"inLanguage":"de-DE"},{"@type":"WebPage","@id":"https:\/\/www.vanderplasgroup.com\/de\/lang-laenger-am-laengsten\/","url":"https:\/\/www.vanderplasgroup.com\/de\/lang-laenger-am-laengsten\/","name":"Lang \u2013 L\u00e4nger \u2013 am L\u00e4ngsten - Van der Plas Group","isPartOf":{"@id":"https:\/\/www.vanderplasgroup.com\/de\/#website"},"primaryImageOfPage":{"@id":"https:\/\/www.vanderplasgroup.com\/de\/lang-laenger-am-laengsten\/#primaryimage"},"image":{"@id":"https:\/\/www.vanderplasgroup.com\/de\/lang-laenger-am-laengsten\/#primaryimage"},"thumbnailUrl":"https:\/\/www.vanderplasgroup.com\/wp-content\/uploads\/Ard-Jan-1.jpg","datePublished":"2021-08-11T12:54:01+00:00","dateModified":"2021-08-12T07:33:56+00:00","author":{"@id":"https:\/\/www.vanderplasgroup.com\/de\/#\/schema\/person\/9de6e104abd0f19d053d088367ef2fd7"},"breadcrumb":{"@id":"https:\/\/www.vanderplasgroup.com\/de\/lang-laenger-am-laengsten\/#breadcrumb"},"inLanguage":"de-DE","potentialAction":[{"@type":"ReadAction","target":["https:\/\/www.vanderplasgroup.com\/de\/lang-laenger-am-laengsten\/"]}]},{"@type":"ImageObject","inLanguage":"de-DE","@id":"https:\/\/www.vanderplasgroup.com\/de\/lang-laenger-am-laengsten\/#primaryimage","url":"https:\/\/www.vanderplasgroup.com\/wp-content\/uploads\/Ard-Jan-1.jpg","contentUrl":"https:\/\/www.vanderplasgroup.com\/wp-content\/uploads\/Ard-Jan-1.jpg","width":1707,"height":2560},{"@type":"BreadcrumbList","@id":"https:\/\/www.vanderplasgroup.com\/de\/lang-laenger-am-laengsten\/#breadcrumb","itemListElement":[{"@type":"ListItem","position":1,"name":"Home","item":"https:\/\/www.vanderplasgroup.com\/de\/?lang=de"},{"@type":"ListItem","position":2,"name":"Lang \u2013 L\u00e4nger \u2013 am L\u00e4ngsten"}]},{"@type":"WebSite","@id":"https:\/\/www.vanderplasgroup.com\/de\/#website","url":"https:\/\/www.vanderplasgroup.com\/de\/","name":"Van der Plas Group","description":"","potentialAction":[{"@type":"SearchAction","target":{"@type":"EntryPoint","urlTemplate":"https:\/\/www.vanderplasgroup.com\/de\/?s={search_term_string}"},"query-input":{"@type":"PropertyValueSpecification","valueRequired":true,"valueName":"search_term_string"}}],"inLanguage":"de-DE"},{"@type":"Person","@id":"https:\/\/www.vanderplasgroup.com\/de\/#\/schema\/person\/9de6e104abd0f19d053d088367ef2fd7","name":"beheerftg","url":"https:\/\/www.vanderplasgroup.com\/de\/author\/beheerftg\/"}]}},"_links":{"self":[{"href":"https:\/\/www.vanderplasgroup.com\/de\/wp-json\/wp\/v2\/posts\/5112","targetHints":{"allow":["GET"]}}],"collection":[{"href":"https:\/\/www.vanderplasgroup.com\/de\/wp-json\/wp\/v2\/posts"}],"about":[{"href":"https:\/\/www.vanderplasgroup.com\/de\/wp-json\/wp\/v2\/types\/post"}],"author":[{"embeddable":true,"href":"https:\/\/www.vanderplasgroup.com\/de\/wp-json\/wp\/v2\/users\/10"}],"replies":[{"embeddable":true,"href":"https:\/\/www.vanderplasgroup.com\/de\/wp-json\/wp\/v2\/comments?post=5112"}],"version-history":[{"count":0,"href":"https:\/\/www.vanderplasgroup.com\/de\/wp-json\/wp\/v2\/posts\/5112\/revisions"}],"wp:featuredmedia":[{"embeddable":true,"href":"https:\/\/www.vanderplasgroup.com\/de\/wp-json\/wp\/v2\/media\/5104"}],"wp:attachment":[{"href":"https:\/\/www.vanderplasgroup.com\/de\/wp-json\/wp\/v2\/media?parent=5112"}],"wp:term":[{"taxonomy":"category","embeddable":true,"href":"https:\/\/www.vanderplasgroup.com\/de\/wp-json\/wp\/v2\/categories?post=5112"},{"taxonomy":"post_tag","embeddable":true,"href":"https:\/\/www.vanderplasgroup.com\/de\/wp-json\/wp\/v2\/tags?post=5112"}],"curies":[{"name":"wp","href":"https:\/\/api.w.org\/{rel}","templated":true}]}}